{"id":19,"date":"2017-07-17T16:42:35","date_gmt":"2017-07-17T16:42:35","guid":{"rendered":"https:\/\/aeteixoso.webtuga.net\/wpdir\/?p=19"},"modified":"2026-02-06T11:31:44","modified_gmt":"2026-02-06T11:31:44","slug":"orgaos-de-gestao","status":"publish","type":"post","link":"https:\/\/aeteixoso.com\/wpdir\/2017\/07\/17\/orgaos-de-gestao\/","title":{"rendered":"Org\u00e3os de Gest\u00e3o"},"content":{"rendered":"<span itemprop=\"description\"><div class=\"mbr-section__col col-xs-12 col-md-3 col-sm-6\">\n<div class=\"mbr-section__container mbr-section__container--middle\">\n<div class=\"mbr-header mbr-header--reduce mbr-header--center mbr-header--wysiwyg\">\n<h3 class=\"mbr-header__text\">Conselho Geral<\/h3>\n<\/div>\n<\/div>\n<div class=\"mbr-section__container mbr-section__container--last\">\n<div class=\"mbr-article mbr-article--wysiwyg\">\n<p>\u00c9 o \u00f3rg\u00e3o de dire\u00e7\u00e3o estrat\u00e9gica respons\u00e1vel pela defini\u00e7\u00e3o das linhas orientadoras\u00a0da atividade da escola. \u00c9 composto por dezanove membros assim distribu\u00eddos:<br \/>\n&#8211; 7 elementos do pessoal docente;<br \/>\n&#8211; 2 elementos do pessoal n\u00e3o docente;<br \/>\n&#8211; 6 elementos representantes dos pais e encarregados de educa\u00e7\u00e3o;<br \/>\n&#8211; 2 representantes do munic\u00edpio;<br \/>\n&#8211; 2 representantes da comunidade local.<\/p>\n<\/div>\n<\/div>\n<\/div>\n<div class=\"mbr-section__col col-xs-12 col-md-3 col-sm-6\">\n<div class=\"mbr-section__container mbr-section__container--middle\">\n<div class=\"mbr-header mbr-header--reduce mbr-header--center mbr-header--wysiwyg\">\n<h3 class=\"mbr-header__text\">Dire\u00e7\u00e3o executiva<\/h3>\n<\/div>\n<\/div>\n<div class=\"mbr-section__container mbr-section__container--last\">\n<div class=\"mbr-article mbr-article--wysiwyg\">\n<p>O diretor \u00e9 o \u00f3rg\u00e3o de administra\u00e7\u00e3o e gest\u00e3o do agrupamento nas \u00e1reas pedag\u00f3gica, cultural, administrativa, financeira e patrimonial.<br \/>\nO diretor \u00e9 coadjuvado no exerc\u00edcio das suas fun\u00e7\u00f5es por um subdiretor e dois adjuntos.<\/p>\n<\/div>\n<\/div>\n<\/div>\n<div class=\"mbr-section__col col-xs-12 col-md-3 col-sm-6\">\n<div class=\"mbr-section__container mbr-section__container--middle\">\n<div class=\"mbr-header mbr-header--reduce mbr-header--center mbr-header--wysiwyg\">\n<h3 class=\"mbr-header__text\">Conselho Pedag\u00f3gico<\/h3>\n<\/div>\n<\/div>\n<div class=\"mbr-section__container mbr-section__container--last\">\n<div class=\"mbr-article mbr-article--wysiwyg\">O conselho pedag\u00f3gico \u00e9 o \u00f3rg\u00e3o de coordena\u00e7\u00e3o e supervis\u00e3o pedag\u00f3gica e orienta\u00e7\u00e3o educativa do agrupamento. \u00c9 constitu\u00eddo por:<\/div>\n<p class=\"mbr-article mbr-article--wysiwyg\">&#8211; Diretor, que preside;<br \/>\n&#8211; Coordenadores dos departamentos curriculares;<br \/>\n&#8211; Coordenador dos diretores de turma;<br \/>\n&#8211; Coordenador da biblioteca escolar\/centro de recursos educativos;<br \/>\n&#8211; Servi\u00e7o de Psicologia.<\/p>\n<\/div>\n<\/div>\n<div class=\"mbr-section__col col-xs-12 col-md-3 col-sm-6\">\n<div class=\"mbr-section__container mbr-section__container--middle\">\n<div class=\"mbr-header mbr-header--reduce mbr-header--center mbr-header--wysiwyg\">\n<h3 class=\"mbr-header__text\">Conselho Administrativo<\/h3>\n<\/div>\n<\/div>\n<div class=\"mbr-section__container mbr-section__container--last\">\n<div class=\"mbr-article mbr-article--wysiwyg\">\n<p>O conselho administrativo \u00e9 o \u00f3rg\u00e3o deliberativo em mat\u00e9ria administrativo-financeira do agrupamento\u00a0de escolas, nos termos da legisla\u00e7\u00e3o em vigor. \u00a0A sua composi\u00e7\u00e3o \u00e9 a seguinte:<br \/>\n&#8211; O diretor, que preside;<br \/>\n&#8211; O subdiretor;<br \/>\n&#8211; O coordenador t\u00e9cnico.<\/p>\n<\/div>\n<\/div>\n<\/div>\n<span>","protected":false},"excerpt":{"rendered":"<p class=\"excerpt\"><span itemprop=\"description\">Conselho Geral \u00c9 o \u00f3rg\u00e3o de dire\u00e7\u00e3o estrat\u00e9gica respons\u00e1vel pela defini\u00e7\u00e3o das linhas orientadoras\u00a0da atividade da escola. \u00c9 composto por dezanove membros assim distribu\u00eddos: &#8211; 7 elementos do pessoal docente; &#8211; 2 elementos do pessoal n\u00e3o docente; &#8211; 6 elementos representantes dos pais e encarregados&hellip;<\/span><\/p>\n<p class=\"more-link-p btn-align-center\"><a class=\"blue zoom-btn\" href=\"https:\/\/aeteixoso.com\/wpdir\/2017\/07\/17\/orgaos-de-gestao\/\">Ler mais<\/a><\/p>\n","protected":false},"author":3,"featured_media":0,"comment_status":"open","ping_status":"closed","sticky":false,"template":"","format":"standard","meta":{"footnotes":""},"categories":[3],"tags":[],"class_list":["post-19","post","type-post","status-publish","format-standard","hentry","category-agrupamento"],"_links":{"self":[{"href":"https:\/\/aeteixoso.com\/wpdir\/wp-json\/wp\/v2\/posts\/19","targetHints":{"allow":["GET"]}}],"collection":[{"href":"https:\/\/aeteixoso.com\/wpdir\/wp-json\/wp\/v2\/posts"}],"about":[{"href":"https:\/\/aeteixoso.com\/wpdir\/wp-json\/wp\/v2\/types\/post"}],"author":[{"embeddable":true,"href":"https:\/\/aeteixoso.com\/wpdir\/wp-json\/wp\/v2\/users\/3"}],"replies":[{"embeddable":true,"href":"https:\/\/aeteixoso.com\/wpdir\/wp-json\/wp\/v2\/comments?post=19"}],"version-history":[{"count":5,"href":"https:\/\/aeteixoso.com\/wpdir\/wp-json\/wp\/v2\/posts\/19\/revisions"}],"predecessor-version":[{"id":1878,"href":"https:\/\/aeteixoso.com\/wpdir\/wp-json\/wp\/v2\/posts\/19\/revisions\/1878"}],"wp:attachment":[{"href":"https:\/\/aeteixoso.com\/wpdir\/wp-json\/wp\/v2\/media?parent=19"}],"wp:term":[{"taxonomy":"category","embeddable":true,"href":"https:\/\/aeteixoso.com\/wpdir\/wp-json\/wp\/v2\/categories?post=19"},{"taxonomy":"post_tag","embeddable":true,"href":"https:\/\/aeteixoso.com\/wpdir\/wp-json\/wp\/v2\/tags?post=19"}],"curies":[{"name":"wp","href":"https:\/\/api.w.org\/{rel}","templated":true}]}}