{"id":1749,"date":"2025-04-04T10:17:43","date_gmt":"2025-04-04T10:17:43","guid":{"rendered":"https:\/\/aeteixoso.com\/?p=1749"},"modified":"2025-04-04T10:17:43","modified_gmt":"2025-04-04T10:17:43","slug":"abertura-do-procedimento-concursal-previo-a-eleicao-para-o-cargo-de-diretora-do-agrupamento-de-escolas-do-teixoso","status":"publish","type":"post","link":"https:\/\/aeteixoso.com\/wpdir\/2025\/04\/04\/abertura-do-procedimento-concursal-previo-a-eleicao-para-o-cargo-de-diretora-do-agrupamento-de-escolas-do-teixoso\/","title":{"rendered":"Abertura do procedimento concursal pr\u00e9vio \u00e0 elei\u00e7\u00e3o para o cargo de Diretor(a) do Agrupamento de Escolas do Teixoso"},"content":{"rendered":"<span itemprop=\"description\">\n<p>Torna-se p\u00fablico que se encontra aberto o Procedimento Concursal para provimento do lugar de Diretor(a) do Agrupamento de Escolas do Teixoso, a contar do dia seguinte ao da publica\u00e7\u00e3o do aviso n.\u00ba 8923, publicado no Di\u00e1rio da Rep\u00fablica n.\u00ba 66, S\u00e9rie II de 03-04-2025.<\/p>\n\n\n\n<ul class=\"wp-block-list\">\n<li><a href=\"http:\/\/aeteixoso.com\/wpdir\/wp-content\/uploads\/2025\/04\/Aviso-n.o-8923_2025_2.pdf\">Aviso de abertura\u00a0<\/a><\/li>\n\n\n\n<li><a href=\"http:\/\/aeteixoso.com\/wpdir\/wp-content\/uploads\/2025\/04\/Regulamento-para-o-Procedimento-Concursal-de-Eleicao-do-Director.pdf\">Regulamento<\/a><\/li>\n\n\n\n<li><a href=\"http:\/\/aeteixoso.com\/wpdir\/wp-content\/uploads\/2025\/04\/Requerimento-de-Candidatura.pdf\">Requerimento<\/a><\/li>\n\n\n\n<li><a href=\"http:\/\/aeteixoso.com\/wpdir\/wp-content\/uploads\/2025\/04\/declaracao-de-consentimento_RGPD.pdf\">Declara\u00e7\u00e3o RGPD<\/a><\/li>\n<\/ul>\n<span>","protected":false},"excerpt":{"rendered":"<p class=\"excerpt\"><span itemprop=\"description\">Torna-se p\u00fablico que se encontra aberto o Procedimento Concursal para provimento do lugar de Diretor(a) do Agrupamento de Escolas do Teixoso, a contar do dia seguinte ao da publica\u00e7\u00e3o do aviso n.\u00ba 8923, publicado no Di\u00e1rio da Rep\u00fablica n.\u00ba 66, S\u00e9rie II de 03-04-2025.<\/span><\/p>\n<p class=\"more-link-p btn-align-center\"><a class=\"blue zoom-btn\" href=\"https:\/\/aeteixoso.com\/wpdir\/2025\/04\/04\/abertura-do-procedimento-concursal-previo-a-eleicao-para-o-cargo-de-diretora-do-agrupamento-de-escolas-do-teixoso\/\">Ler mais<\/a><\/p>\n","protected":false},"author":3,"featured_media":0,"comment_status":"open","ping_status":"closed","sticky":false,"template":"","format":"standard","meta":{"footnotes":""},"categories":[1],"tags":[],"class_list":["post-1749","post","type-post","status-publish","format-standard","hentry","category-uncategorized"],"_links":{"self":[{"href":"https:\/\/aeteixoso.com\/wpdir\/wp-json\/wp\/v2\/posts\/1749","targetHints":{"allow":["GET"]}}],"collection":[{"href":"https:\/\/aeteixoso.com\/wpdir\/wp-json\/wp\/v2\/posts"}],"about":[{"href":"https:\/\/aeteixoso.com\/wpdir\/wp-json\/wp\/v2\/types\/post"}],"author":[{"embeddable":true,"href":"https:\/\/aeteixoso.com\/wpdir\/wp-json\/wp\/v2\/users\/3"}],"replies":[{"embeddable":true,"href":"https:\/\/aeteixoso.com\/wpdir\/wp-json\/wp\/v2\/comments?post=1749"}],"version-history":[{"count":3,"href":"https:\/\/aeteixoso.com\/wpdir\/wp-json\/wp\/v2\/posts\/1749\/revisions"}],"predecessor-version":[{"id":1756,"href":"https:\/\/aeteixoso.com\/wpdir\/wp-json\/wp\/v2\/posts\/1749\/revisions\/1756"}],"wp:attachment":[{"href":"https:\/\/aeteixoso.com\/wpdir\/wp-json\/wp\/v2\/media?parent=1749"}],"wp:term":[{"taxonomy":"category","embeddable":true,"href":"https:\/\/aeteixoso.com\/wpdir\/wp-json\/wp\/v2\/categories?post=1749"},{"taxonomy":"post_tag","embeddable":true,"href":"https:\/\/aeteixoso.com\/wpdir\/wp-json\/wp\/v2\/tags?post=1749"}],"curies":[{"name":"wp","href":"https:\/\/api.w.org\/{rel}","templated":true}]}}