{"id":1693,"date":"2024-06-11T07:26:24","date_gmt":"2024-06-11T07:26:24","guid":{"rendered":"https:\/\/aeteixoso.com\/?p=1693"},"modified":"2024-07-16T12:12:39","modified_gmt":"2024-07-16T12:12:39","slug":"procedimento-concursal-para-diretor-a-do-centro-de-formacao-da-associacao-de-escolas-da-beira-interior","status":"publish","type":"post","link":"https:\/\/aeteixoso.com\/wpdir\/2024\/06\/11\/procedimento-concursal-para-diretor-a-do-centro-de-formacao-da-associacao-de-escolas-da-beira-interior\/","title":{"rendered":"Procedimento Concursal para Diretor\/a do Centro de Forma\u00e7\u00e3o da Associa\u00e7\u00e3o de Escolas da Beira Interior"},"content":{"rendered":"<span itemprop=\"description\">\n<p><strong>Abertura de Concurso para Diretor(a) do Centro de Forma\u00e7\u00e3o da Associa\u00e7\u00e3o de Escolas da Beira Interior \u2013 CFAEBI<\/strong><\/p>\n\n\n\n<p class=\"has-text-align-center\">Publica\u00e7\u00e3o em Di\u00e1rio da Rep\u00fablica (Aviso n\u00ba 12045\/2024\/2 de 07-06-2024. 2\u00aa s\u00e9rie, N\u00ba 110)&nbsp;<\/p>\n\n\n\n<p>Abertura de procedimento concursal de provimento para o lugar de Diretor\/a do Centro de Forma\u00e7\u00e3o da Associa\u00e7\u00e3o de Escolas da Beira Interior, que inclui as seguintes Unidades Org\u00e2nicas: Agrupamento de Escolas Pedro \u00c1lvares Cabral; Agrupamento de Escolas de Manteigas; Agrupamento de Escolas do Teixoso; Agrupamento de Escolas P\u00earo da Covilh\u00e3; Agrupamento de Escolas Frei Heitor Pinto; Agrupamento de Escolas A L\u00e3 e a Neve; Agrupamento de Escolas Gardunha e Xisto; Agrupamento de Escolas do Fund\u00e3o; Escola Profissional Agr\u00edcola Quinta da Lageosa; Escola Secund\u00e1ria Campos Melo e Escola Secund\u00e1ria Quinta das Palmeiras.<\/p>\n\n\n\n<p>Anexo 1 &#8211; <a rel=\"noreferrer noopener\" href=\"http:\/\/aeteixoso.com\/wpdir\/wp-content\/uploads\/2024\/06\/ANEXO-I.pdf\" target=\"_blank\">http:\/\/aeteixoso.com\/wpdir\/wp-content\/uploads\/2024\/06\/ANEXO-I.pdf<\/a><\/p>\n\n\n\n<p>Regulamento &#8211; <a rel=\"noreferrer noopener\" href=\"http:\/\/aeteixoso.com\/wpdir\/wp-content\/uploads\/2024\/06\/REGULAMENTO-DO-PROCEDIMENTO-CONCURSAL-PARA-DIRETOR.pdf\" target=\"_blank\">http:\/\/aeteixoso.com\/wpdir\/wp-content\/uploads\/2024\/06\/REGULAMENTO-DO-PROCEDIMENTO-CONCURSAL-PARA-DIRETOR.pdf<\/a><\/p>\n\n\n\n<p>Lista de Candidatos Admitidos &#8211; <a href=\"http:\/\/aeteixoso.com\/wpdir\/wp-content\/uploads\/2024\/07\/2024-07-01-16-08.pdf\">http:\/\/aeteixoso.com\/wpdir\/wp-content\/uploads\/2024\/07\/2024-07-01-16-08.pdf<\/a><\/p>\n\n\n\n<p>Classifica\u00e7\u00e3o Final &#8211; <a href=\"http:\/\/aeteixoso.com\/wpdir\/wp-content\/uploads\/2024\/07\/Lista-de-Classificacao-Final.pdf\">http:\/\/aeteixoso.com\/wpdir\/wp-content\/uploads\/2024\/07\/Lista-de-Classificacao-Final.pdf<\/a><\/p>\n\n\n\n<p><\/p>\n<span>","protected":false},"excerpt":{"rendered":"<p class=\"excerpt\"><span itemprop=\"description\">Abertura de Concurso para Diretor(a) do Centro de Forma\u00e7\u00e3o da Associa\u00e7\u00e3o de Escolas da Beira Interior \u2013 CFAEBI Publica\u00e7\u00e3o em Di\u00e1rio da Rep\u00fablica (Aviso n\u00ba 12045\/2024\/2 de 07-06-2024. 2\u00aa s\u00e9rie, N\u00ba 110)&nbsp; Abertura de procedimento concursal de provimento para o lugar de Diretor\/a do Centro&hellip;<\/span><\/p>\n<p class=\"more-link-p btn-align-center\"><a class=\"blue zoom-btn\" href=\"https:\/\/aeteixoso.com\/wpdir\/2024\/06\/11\/procedimento-concursal-para-diretor-a-do-centro-de-formacao-da-associacao-de-escolas-da-beira-interior\/\">Ler mais<\/a><\/p>\n","protected":false},"author":3,"featured_media":0,"comment_status":"open","ping_status":"closed","sticky":false,"template":"","format":"standard","meta":{"footnotes":""},"categories":[1],"tags":[],"class_list":["post-1693","post","type-post","status-publish","format-standard","hentry","category-uncategorized"],"_links":{"self":[{"href":"https:\/\/aeteixoso.com\/wpdir\/wp-json\/wp\/v2\/posts\/1693","targetHints":{"allow":["GET"]}}],"collection":[{"href":"https:\/\/aeteixoso.com\/wpdir\/wp-json\/wp\/v2\/posts"}],"about":[{"href":"https:\/\/aeteixoso.com\/wpdir\/wp-json\/wp\/v2\/types\/post"}],"author":[{"embeddable":true,"href":"https:\/\/aeteixoso.com\/wpdir\/wp-json\/wp\/v2\/users\/3"}],"replies":[{"embeddable":true,"href":"https:\/\/aeteixoso.com\/wpdir\/wp-json\/wp\/v2\/comments?post=1693"}],"version-history":[{"count":14,"href":"https:\/\/aeteixoso.com\/wpdir\/wp-json\/wp\/v2\/posts\/1693\/revisions"}],"predecessor-version":[{"id":1720,"href":"https:\/\/aeteixoso.com\/wpdir\/wp-json\/wp\/v2\/posts\/1693\/revisions\/1720"}],"wp:attachment":[{"href":"https:\/\/aeteixoso.com\/wpdir\/wp-json\/wp\/v2\/media?parent=1693"}],"wp:term":[{"taxonomy":"category","embeddable":true,"href":"https:\/\/aeteixoso.com\/wpdir\/wp-json\/wp\/v2\/categories?post=1693"},{"taxonomy":"post_tag","embeddable":true,"href":"https:\/\/aeteixoso.com\/wpdir\/wp-json\/wp\/v2\/tags?post=1693"}],"curies":[{"name":"wp","href":"https:\/\/api.w.org\/{rel}","templated":true}]}}