{"id":1469,"date":"2021-08-10T10:28:00","date_gmt":"2021-08-10T10:28:00","guid":{"rendered":"https:\/\/aeteixoso.com\/?p=1469"},"modified":"2022-08-10T10:35:42","modified_gmt":"2022-08-10T10:35:42","slug":"legislacao-sobre-a-avaliacao-do-desempenho-docente","status":"publish","type":"post","link":"https:\/\/aeteixoso.com\/wpdir\/2021\/08\/10\/legislacao-sobre-a-avaliacao-do-desempenho-docente\/","title":{"rendered":"LEGISLA\u00c7\u00c3O SOBRE A AVALIA\u00c7\u00c3O DO DESEMPENHO DOCENTE"},"content":{"rendered":"<span itemprop=\"description\">\n<p>NOTA INFORMATIVA &#8211; <a href=\"http:\/\/aeteixoso.com\/wpdir\/wp-content\/uploads\/2022\/08\/grh-ni-avaldesdoc-fomcont.pdf\">Avalia\u00e7\u00e3o de Desempenho e Forma\u00e7\u00e3o cont\u00ednua de docentes<\/a> &#8211; 15 de junho de 2020 &#8211; A centralidade destes requisitos, bem como as d\u00favidas recorrentemente colocadas \u00e0 DGAE sobre estas tem\u00e1ticas, tornam indispens\u00e1vel a publica\u00e7\u00e3o de um conjunto de orienta\u00e7\u00f5es que permitam o desenvolvimento de uma leitura convergente dos normativos legais em vigor, bem como uma uniformiza\u00e7\u00e3o dos procedimentos seguidos pelos agrupamentos de escolas\/escolas n\u00e3o agrupadas (AE\/ENA).<\/p>\n\n\n\n<p><a href=\"http:\/\/aeteixoso.com\/wpdir\/wp-content\/uploads\/2022\/08\/Estatuto_Carreira_Docente_2012.pdf\">Decreto-Lei n.\u00ba 41\/2012, de 21 de fevereiro<\/a> &#8211; Estabelece o Estatuto da Carreira dos Educadores de Inf\u00e2ncia e dos Professores dos Ensinos B\u00e1sico e Secund\u00e1rio e define ainda as grandes linhas de orienta\u00e7\u00e3o do novo regime de avalia\u00e7\u00e3o do desempenho docente.<\/p>\n\n\n\n<p><a href=\"http:\/\/aeteixoso.com\/wpdir\/wp-content\/uploads\/2022\/08\/Dec_Reg_26_2012.pdf\">Decreto Regulamentar n.\u00ba 26\/2012, de 21 de fevereiro<\/a> &#8211; Regulamenta o sistema de avalia\u00e7\u00e3o do desempenho do pessoal docente estabelecido no Estatuto da Carreira dos Educadores de Inf\u00e2ncia e dos Professores dos Ensinos B\u00e1sico e Secund\u00e1rio.<\/p>\n\n\n\n<p><a href=\"http:\/\/aeteixoso.com\/wpdir\/wp-content\/uploads\/2022\/08\/Despacho_Normativo_19_2012.pdf\">Despacho Normativo n.\u00ba 19\/2012, de 17 de agosto<\/a> &#8211; Estabelece os crit\u00e9rios a que devem obedecer os procedimentos de suprimento da avalia\u00e7\u00e3o trav\u00e9s da pondera\u00e7\u00e3o curricular previsto no n.\u00ba 9 do artigo 40.\u00ba do Estatuto da Carreira Docente.<\/p>\n\n\n\n<p><a href=\"http:\/\/aeteixoso.com\/wpdir\/wp-content\/uploads\/2022\/08\/Despacho_Normativo_24_2012.pdf\">Despacho Normativo n.\u00ba 24\/2012, de 26 de outubro<\/a> &#8211; Regulamenta o processo de constitui\u00e7\u00e3o e funcionamento da bolsa de avaliadores externos, com vista \u00e0 avalia\u00e7\u00e3o externa da dimens\u00e3o cient\u00edfica e pedag\u00f3gica.<\/p>\n\n\n\n<p><a href=\"http:\/\/aeteixoso.com\/wpdir\/wp-content\/uploads\/2022\/08\/Portaria_266.pdf\">Portaria n.\u00ba 266\/2012, de 26 de outubro<\/a> &#8211; Regulamenta a avalia\u00e7\u00e3o do desempenho docente dos diretores de agrupamentos de escolas ou escolas n\u00e3o agrupadas, dos diretores dos centros de forma\u00e7\u00e3o de associa\u00e7\u00f5es de escolas e dos diretores das escolas portuguesas no estrangeiro.<\/p>\n\n\n\n<p><a href=\"http:\/\/aeteixoso.com\/wpdir\/wp-content\/uploads\/2022\/08\/Despacho_13981_2012.pdf\">Despacho n.\u00ba 13981\/2012, de 26 de outubro<\/a> &#8211;  Estabelece os par\u00e2metros nacionais para a avalia\u00e7\u00e3o externa da dimens\u00e3o cient\u00edfica e pedag\u00f3gica a realizar no \u00e2mbito da avalia\u00e7\u00e3o do desempenho docente.<\/p>\n\n\n\n<p><a href=\"http:\/\/aeteixoso.com\/wpdir\/wp-content\/uploads\/2022\/08\/Despacho_12567_2012.pdf\">Despacho n.\u00ba 12567\/2012, de 26 de setembro<\/a> &#8211; Estabelece os universos e os crit\u00e9rios para a determina\u00e7\u00e3o dos percentis relativos \u00e0 atribui\u00e7\u00e3o das men\u00e7\u00f5es qualitativas de&nbsp;<em>Excelente<\/em> e de&nbsp;<em>Muito Bom<\/em>&nbsp;aos docentes.<\/p>\n\n\n\n<p><a href=\"http:\/\/aeteixoso.com\/wpdir\/wp-content\/uploads\/2022\/08\/Portaria_15.pdf\">Portaria n.\u00ba 15\/2013, de 15 de janeiro<\/a> &#8211; Define o regime de avalia\u00e7\u00e3o do desempenho dos docentes em exerc\u00edcio de fun\u00e7\u00f5es docentes noutros minist\u00e9rios.<\/p>\n\n\n\n<p><\/p>\n<span>","protected":false},"excerpt":{"rendered":"<p class=\"excerpt\"><span itemprop=\"description\">NOTA INFORMATIVA &#8211; Avalia\u00e7\u00e3o de Desempenho e Forma\u00e7\u00e3o cont\u00ednua de docentes &#8211; 15 de junho de 2020 &#8211; A centralidade destes requisitos, bem como as d\u00favidas recorrentemente colocadas \u00e0 DGAE sobre estas tem\u00e1ticas, tornam indispens\u00e1vel a publica\u00e7\u00e3o de um conjunto de orienta\u00e7\u00f5es que permitam o&hellip;<\/span><\/p>\n<p class=\"more-link-p btn-align-center\"><a class=\"blue zoom-btn\" href=\"https:\/\/aeteixoso.com\/wpdir\/2021\/08\/10\/legislacao-sobre-a-avaliacao-do-desempenho-docente\/\">Ler mais<\/a><\/p>\n","protected":false},"author":3,"featured_media":0,"comment_status":"open","ping_status":"closed","sticky":false,"template":"","format":"standard","meta":{"footnotes":""},"categories":[1],"tags":[],"class_list":["post-1469","post","type-post","status-publish","format-standard","hentry","category-uncategorized"],"_links":{"self":[{"href":"https:\/\/aeteixoso.com\/wpdir\/wp-json\/wp\/v2\/posts\/1469","targetHints":{"allow":["GET"]}}],"collection":[{"href":"https:\/\/aeteixoso.com\/wpdir\/wp-json\/wp\/v2\/posts"}],"about":[{"href":"https:\/\/aeteixoso.com\/wpdir\/wp-json\/wp\/v2\/types\/post"}],"author":[{"embeddable":true,"href":"https:\/\/aeteixoso.com\/wpdir\/wp-json\/wp\/v2\/users\/3"}],"replies":[{"embeddable":true,"href":"https:\/\/aeteixoso.com\/wpdir\/wp-json\/wp\/v2\/comments?post=1469"}],"version-history":[{"count":2,"href":"https:\/\/aeteixoso.com\/wpdir\/wp-json\/wp\/v2\/posts\/1469\/revisions"}],"predecessor-version":[{"id":1483,"href":"https:\/\/aeteixoso.com\/wpdir\/wp-json\/wp\/v2\/posts\/1469\/revisions\/1483"}],"wp:attachment":[{"href":"https:\/\/aeteixoso.com\/wpdir\/wp-json\/wp\/v2\/media?parent=1469"}],"wp:term":[{"taxonomy":"category","embeddable":true,"href":"https:\/\/aeteixoso.com\/wpdir\/wp-json\/wp\/v2\/categories?post=1469"},{"taxonomy":"post_tag","embeddable":true,"href":"https:\/\/aeteixoso.com\/wpdir\/wp-json\/wp\/v2\/tags?post=1469"}],"curies":[{"name":"wp","href":"https:\/\/api.w.org\/{rel}","templated":true}]}}